{"id":15779,"date":"2022-06-28T09:57:19","date_gmt":"2022-06-28T08:57:19","guid":{"rendered":"https:\/\/blogsecuritasdirect.pt\/?p=15779"},"modified":"2024-01-17T17:31:42","modified_gmt":"2024-01-17T16:31:42","slug":"pride-2022","status":"publish","type":"post","link":"https:\/\/blogsecuritasdirect.pt\/pride-2022\/","title":{"rendered":"Celebramos o Pride month 2022!"},"content":{"rendered":"[vc_row type=&#8221;full_width_background&#8221; full_screen_row_position=&#8221;middle&#8221; equal_height=&#8221;yes&#8221; content_placement=&#8221;middle&#8221; column_margin=&#8221;default&#8221; scene_position=&#8221;center&#8221; text_color=&#8221;dark&#8221; text_align=&#8221;left&#8221; overlay_strength=&#8221;0.3&#8243; shape_divider_position=&#8221;bottom&#8221; bg_image_animation=&#8221;none&#8221; shape_type=&#8221;&#8221;][vc_column column_padding=&#8221;padding-4-percent&#8221; column_padding_position=&#8221;top-bottom&#8221; background_color_opacity=&#8221;1&#8243; background_hover_color_opacity=&#8221;1&#8243; column_link_target=&#8221;_self&#8221; column_shadow=&#8221;none&#8221; column_border_radius=&#8221;none&#8221; width=&#8221;1\/1&#8243; tablet_width_inherit=&#8221;default&#8221; tablet_text_alignment=&#8221;default&#8221; phone_text_alignment=&#8221;default&#8221; overlay_strength=&#8221;0.3&#8243; column_border_width=&#8221;none&#8221; column_border_style=&#8221;solid&#8221; bg_image_animation=&#8221;none&#8221;][vc_column_text]Dedicado a celebrar comunidades LGBTQ+ a n\u00edvel global, o Pride Month acontece em junho, m\u00eas esse em que\u00a0os &#8220;<em>Stonewall riots\u00a0\u200b\u200b\u200b<\/em>&#8221;\u00a0ocorreram nos EUA em 1969, mudando os direitos gays para muitos em todo o mundo.<\/p>\n<p>Este m\u00eas\u00a0\u00e9 uma celebra\u00e7\u00e3o de pessoas que se re\u00fanem no amor e na amizade, para mostrar at\u00e9 onde chegaram os direitos LGBTQ+, e como em alguns lugares ainda h\u00e1 trabalho a ser feito. O Dia Internacional do Orgulho tamb\u00e9m \u00e9 celebrado no dia 28 de junho para comemorar a aceita\u00e7\u00e3o e a igualdade, ao mesmo tempo que reconhece como a homofobia foi prejudicial, e ainda \u00e9.[\/vc_column_text][\/vc_column][\/vc_row][vc_row type=&#8221;in_container&#8221; full_screen_row_position=&#8221;middle&#8221; equal_height=&#8221;yes&#8221; content_placement=&#8221;middle&#8221; column_margin=&#8221;default&#8221; bg_color=&#8221;#ff0033&#8243; scene_position=&#8221;center&#8221; text_color=&#8221;light&#8221; text_align=&#8221;left&#8221; top_padding=&#8221;2%&#8221; bottom_padding=&#8221;2%&#8221; overlay_strength=&#8221;0.95&#8243; shape_divider_position=&#8221;bottom&#8221; bg_image_animation=&#8221;none&#8221; shape_type=&#8221;&#8221;][vc_column column_padding=&#8221;padding-4-percent&#8221; column_padding_position=&#8221;left-right&#8221; background_color_opacity=&#8221;1&#8243; background_hover_color_opacity=&#8221;1&#8243; column_link_target=&#8221;_self&#8221; column_shadow=&#8221;none&#8221; column_border_radius=&#8221;none&#8221; width=&#8221;1\/2&#8243; tablet_width_inherit=&#8221;default&#8221; tablet_text_alignment=&#8221;center&#8221; phone_text_alignment=&#8221;center&#8221; overlay_strength=&#8221;0.3&#8243; column_border_width=&#8221;none&#8221; column_border_style=&#8221;solid&#8221; bg_image_animation=&#8221;none&#8221;][vc_custom_heading text=&#8221;Calcule online em menos de um minuto Instala\u00e7\u00e3o Gr\u00e1tis&#8221; font_container=&#8221;tag:h3|font_size:24px|text_align:left|line_height:32px&#8221; use_theme_fonts=&#8221;yes&#8221;][\/vc_column][vc_column column_padding=&#8221;padding-4-percent&#8221; column_padding_position=&#8221;left-right&#8221; background_color_opacity=&#8221;1&#8243; background_hover_color_opacity=&#8221;1&#8243; column_link_target=&#8221;_self&#8221; column_shadow=&#8221;none&#8221; column_border_radius=&#8221;none&#8221; width=&#8221;1\/2&#8243; tablet_width_inherit=&#8221;default&#8221; tablet_text_alignment=&#8221;center&#8221; phone_text_alignment=&#8221;center&#8221; overlay_strength=&#8221;0.3&#8243; column_border_width=&#8221;none&#8221; column_border_style=&#8221;solid&#8221; bg_image_animation=&#8221;none&#8221;][vc_row_inner column_margin=&#8221;default&#8221; text_align=&#8221;right&#8221;][vc_column_inner column_padding=&#8221;no-extra-padding&#8221; column_padding_position=&#8221;all&#8221; background_color_opacity=&#8221;1&#8243; background_hover_color_opacity=&#8221;1&#8243; column_shadow=&#8221;none&#8221; column_border_radius=&#8221;none&#8221; column_link_target=&#8221;_self&#8221; width=&#8221;1\/1&#8243; tablet_width_inherit=&#8221;default&#8221; overlay_strength=&#8221;0.3&#8243; column_border_width=&#8221;none&#8221; column_border_style=&#8221;solid&#8221; bg_image_animation=&#8221;none&#8221;][vc_raw_html]JTVCeHl6LWlocyUyMHNuaXBwZXQlM0QlMjJjYWxjdWxhdG9yLWxpbmslMjIlNUQ=[\/vc_raw_html][\/vc_column_inner][\/vc_row_inner][\/vc_column][\/vc_row][vc_row type=&#8221;full_width_background&#8221; full_screen_row_position=&#8221;middle&#8221; equal_height=&#8221;yes&#8221; content_placement=&#8221;middle&#8221; column_margin=&#8221;default&#8221; scene_position=&#8221;center&#8221; text_color=&#8221;dark&#8221; text_align=&#8221;left&#8221; overlay_strength=&#8221;0.3&#8243; shape_divider_position=&#8221;bottom&#8221; bg_image_animation=&#8221;none&#8221; shape_type=&#8221;&#8221;][vc_column column_padding=&#8221;padding-4-percent&#8221; column_padding_position=&#8221;top-bottom&#8221; background_color_opacity=&#8221;1&#8243; background_hover_color_opacity=&#8221;1&#8243; column_link_target=&#8221;_self&#8221; column_shadow=&#8221;none&#8221; column_border_radius=&#8221;none&#8221; width=&#8221;1\/1&#8243; tablet_width_inherit=&#8221;default&#8221; tablet_text_alignment=&#8221;default&#8221; phone_text_alignment=&#8221;default&#8221; overlay_strength=&#8221;0.3&#8243; column_border_width=&#8221;none&#8221; column_border_style=&#8221;solid&#8221; bg_image_animation=&#8221;none&#8221;][vc_column_text]Na Securitas Direct, sabemos que o &#8220;Orgulho&#8221;\u00a0tem a ver com reconhecer e apoiar o trabalho das pessoas LGBTQ+, a educa\u00e7\u00e3o na hist\u00f3ria LGBTQ+ e a sensibiliza\u00e7\u00e3o para as quest\u00f5es que afetam a comunidade LGBTQ+. \u00c9 por isso que, como parte da nossa campanha de\u00a0<strong>Diversidade, Equidade e Inclus\u00e3o (DEI) #<em>veriyou<\/em>\u00a0lan\u00e7ada no in\u00edcio deste ano, estamos a celebrar o Pride juntos &#8211; #<em>veripride<\/em>.\u00a0<\/strong>Porque, embora j\u00e1 tenham sido feitos avan\u00e7os significativos no DEI em toda a nossa organiza\u00e7\u00e3o, a nossa ambi\u00e7\u00e3o \u00e9 refor\u00e7ar ainda mais o nosso impacto nas comunidades que servimos, nos nossos clientes e nos nossos colegas, criando uma organiza\u00e7\u00e3o ainda mais acolhedora, diversificada e eficaz, um local onde todos possam trazer todos os seus trabalhos completos e aut\u00eanticos, independentemente de quem voc\u00eas s\u00e3o,\u00a0de onde vens ou quem amas.<\/p>\n<p>Assim, para o m\u00eas do Orgulho e o Dia Internacional do Orgulho, os nossos colegas de muitos dos nossos pa\u00edses est\u00e3o orgulhosamente a conduzir a campanha #<em>veri<strong>pride<\/strong><\/em>.[\/vc_column_text][image_with_animation image_url=&#8221;15868&#8243; alignment=&#8221;right&#8221; animation=&#8221;Fade In&#8221; hover_animation=&#8221;none&#8221; border_radius=&#8221;none&#8221; box_shadow=&#8221;none&#8221; image_loading=&#8221;default&#8221; max_width=&#8221;100%&#8221; max_width_mobile=&#8221;default&#8221;][image_with_animation image_url=&#8221;15870&#8243; alignment=&#8221;center&#8221; animation=&#8221;Fade In&#8221; hover_animation=&#8221;none&#8221; border_radius=&#8221;none&#8221; box_shadow=&#8221;none&#8221; image_loading=&#8221;default&#8221; max_width=&#8221;100%&#8221; max_width_mobile=&#8221;default&#8221;][\/vc_column][\/vc_row]\n","protected":false},"excerpt":{"rendered":"<p>[vc_row type=&#8221;full_width_background&#8221; full_screen_row_position=&#8221;middle&#8221; equal_height=&#8221;yes&#8221; content_placement=&#8221;middle&#8221; column_margin=&#8221;default&#8221; scene_position=&#8221;center&#8221; text_color=&#8221;dark&#8221; text_align=&#8221;left&#8221; overlay_strength=&#8221;0.3&#8243;&#8230;<\/p>\n","protected":false},"author":1,"featured_media":15927,"comment_status":"closed","ping_status":"closed","sticky":false,"template":"","format":"standard","meta":{"footnotes":""},"categories":[11],"tags":[],"class_list":{"0":"post-15779","1":"post","2":"type-post","3":"status-publish","4":"format-standard","5":"has-post-thumbnail","7":"category-protegemos-pessoas"},"yoast_head":"<!-- This site is optimized with the Yoast SEO plugin v26.8 - https:\/\/yoast.com\/product\/yoast-seo-wordpress\/ -->\n<title>Celebramos o Pride month 2022! - Blog Securitas Direct<\/title>\n<meta name=\"description\" content=\"Como parte da nossa campanha de Diversidade, Equidade e Inclus\u00e3o (DEI) #veriyou lan\u00e7ada no in\u00edcio deste ano, estamos a celebrar o Pride juntos \u2013 #veripride.\" \/>\n<meta name=\"robots\" content=\"index, follow, max-snippet:-1, max-image-preview:large, max-video-preview:-1\" \/>\n<link rel=\"canonical\" href=\"https:\/\/blogsecuritasdirect.pt\/pride-2022\/\" \/>\n<meta property=\"og:locale\" content=\"pt_PT\" \/>\n<meta property=\"og:type\" content=\"article\" \/>\n<meta property=\"og:title\" content=\"Celebramos o Pride month 2022! - Blog Securitas Direct\" \/>\n<meta property=\"og:description\" content=\"Como parte da nossa campanha de Diversidade, Equidade e Inclus\u00e3o (DEI) #veriyou lan\u00e7ada no in\u00edcio deste ano, estamos a celebrar o Pride juntos \u2013 #veripride.\" \/>\n<meta property=\"og:url\" content=\"https:\/\/blogsecuritasdirect.pt\/pride-2022\/\" \/>\n<meta property=\"og:site_name\" content=\"Blog Securitas Direct\" \/>\n<meta property=\"article:published_time\" content=\"2022-06-28T08:57:19+00:00\" \/>\n<meta property=\"article:modified_time\" content=\"2024-01-17T16:31:42+00:00\" \/>\n<meta property=\"og:image\" content=\"https:\/\/blogsecuritasdirect.pt\/wp-content\/uploads\/2022\/08\/Banner_BLOG_destaque_pride.jpg\" \/>\n\t<meta property=\"og:image:width\" content=\"600\" \/>\n\t<meta property=\"og:image:height\" content=\"403\" \/>\n\t<meta property=\"og:image:type\" content=\"image\/jpeg\" \/>\n<meta name=\"author\" content=\"Securitas Direct\" \/>\n<meta name=\"twitter:card\" content=\"summary_large_image\" \/>\n<meta name=\"twitter:label1\" content=\"Escrito por\" \/>\n\t<meta name=\"twitter:data1\" content=\"Securitas Direct\" \/>\n\t<meta name=\"twitter:label2\" content=\"Tempo estimado de leitura\" \/>\n\t<meta name=\"twitter:data2\" content=\"3 minutos\" \/>\n<script type=\"application\/ld+json\" class=\"yoast-schema-graph\">{\"@context\":\"https:\/\/schema.org\",\"@graph\":[{\"@type\":\"Article\",\"@id\":\"https:\/\/blogsecuritasdirect.pt\/pride-2022\/#article\",\"isPartOf\":{\"@id\":\"https:\/\/blogsecuritasdirect.pt\/pride-2022\/\"},\"author\":{\"name\":\"Securitas Direct\",\"@id\":\"https:\/\/blogsecuritasdirect.pt\/#\/schema\/person\/830d316f007f624ac3e1f6663e41d7e3\"},\"headline\":\"Celebramos o Pride month 2022!\",\"datePublished\":\"2022-06-28T08:57:19+00:00\",\"dateModified\":\"2024-01-17T16:31:42+00:00\",\"mainEntityOfPage\":{\"@id\":\"https:\/\/blogsecuritasdirect.pt\/pride-2022\/\"},\"wordCount\":820,\"image\":{\"@id\":\"https:\/\/blogsecuritasdirect.pt\/pride-2022\/#primaryimage\"},\"thumbnailUrl\":\"https:\/\/blogsecuritasdirect.pt\/wp-content\/uploads\/2022\/08\/Banner_BLOG_destaque_pride.jpg\",\"articleSection\":[\"Protegemos Pessoas\"],\"inLanguage\":\"pt-PT\"},{\"@type\":\"WebPage\",\"@id\":\"https:\/\/blogsecuritasdirect.pt\/pride-2022\/\",\"url\":\"https:\/\/blogsecuritasdirect.pt\/pride-2022\/\",\"name\":\"Celebramos o Pride month 2022! - Blog Securitas Direct\",\"isPartOf\":{\"@id\":\"https:\/\/blogsecuritasdirect.pt\/#website\"},\"primaryImageOfPage\":{\"@id\":\"https:\/\/blogsecuritasdirect.pt\/pride-2022\/#primaryimage\"},\"image\":{\"@id\":\"https:\/\/blogsecuritasdirect.pt\/pride-2022\/#primaryimage\"},\"thumbnailUrl\":\"https:\/\/blogsecuritasdirect.pt\/wp-content\/uploads\/2022\/08\/Banner_BLOG_destaque_pride.jpg\",\"datePublished\":\"2022-06-28T08:57:19+00:00\",\"dateModified\":\"2024-01-17T16:31:42+00:00\",\"author\":{\"@id\":\"https:\/\/blogsecuritasdirect.pt\/#\/schema\/person\/830d316f007f624ac3e1f6663e41d7e3\"},\"description\":\"Como parte da nossa campanha de Diversidade, Equidade e Inclus\u00e3o (DEI) #veriyou lan\u00e7ada no in\u00edcio deste ano, estamos a celebrar o Pride juntos \u2013 #veripride.\",\"breadcrumb\":{\"@id\":\"https:\/\/blogsecuritasdirect.pt\/pride-2022\/#breadcrumb\"},\"inLanguage\":\"pt-PT\",\"potentialAction\":[{\"@type\":\"ReadAction\",\"target\":[\"https:\/\/blogsecuritasdirect.pt\/pride-2022\/\"]}]},{\"@type\":\"ImageObject\",\"inLanguage\":\"pt-PT\",\"@id\":\"https:\/\/blogsecuritasdirect.pt\/pride-2022\/#primaryimage\",\"url\":\"https:\/\/blogsecuritasdirect.pt\/wp-content\/uploads\/2022\/08\/Banner_BLOG_destaque_pride.jpg\",\"contentUrl\":\"https:\/\/blogsecuritasdirect.pt\/wp-content\/uploads\/2022\/08\/Banner_BLOG_destaque_pride.jpg\",\"width\":600,\"height\":403,\"caption\":\"pride securitas direct\"},{\"@type\":\"BreadcrumbList\",\"@id\":\"https:\/\/blogsecuritasdirect.pt\/pride-2022\/#breadcrumb\",\"itemListElement\":[{\"@type\":\"ListItem\",\"position\":1,\"name\":\"Portada\",\"item\":\"https:\/\/blogsecuritasdirect.pt\/\"},{\"@type\":\"ListItem\",\"position\":2,\"name\":\"Celebramos o Pride month 2022!\"}]},{\"@type\":\"WebSite\",\"@id\":\"https:\/\/blogsecuritasdirect.pt\/#website\",\"url\":\"https:\/\/blogsecuritasdirect.pt\/\",\"name\":\"Blog Securitas Direct\",\"description\":\"Proteja o que mais importa com os alarmes da Securitas Direct\",\"potentialAction\":[{\"@type\":\"SearchAction\",\"target\":{\"@type\":\"EntryPoint\",\"urlTemplate\":\"https:\/\/blogsecuritasdirect.pt\/?s={search_term_string}\"},\"query-input\":{\"@type\":\"PropertyValueSpecification\",\"valueRequired\":true,\"valueName\":\"search_term_string\"}}],\"inLanguage\":\"pt-PT\"},{\"@type\":\"Person\",\"@id\":\"https:\/\/blogsecuritasdirect.pt\/#\/schema\/person\/830d316f007f624ac3e1f6663e41d7e3\",\"name\":\"Securitas Direct\"}]}<\/script>\n<!-- \/ Yoast SEO plugin. -->","yoast_head_json":{"title":"Celebramos o Pride month 2022! - Blog Securitas Direct","description":"Como parte da nossa campanha de Diversidade, Equidade e Inclus\u00e3o (DEI) #veriyou lan\u00e7ada no in\u00edcio deste ano, estamos a celebrar o Pride juntos \u2013 #veripride.","robots":{"index":"index","follow":"follow","max-snippet":"max-snippet:-1","max-image-preview":"max-image-preview:large","max-video-preview":"max-video-preview:-1"},"canonical":"https:\/\/blogsecuritasdirect.pt\/pride-2022\/","og_locale":"pt_PT","og_type":"article","og_title":"Celebramos o Pride month 2022! - Blog Securitas Direct","og_description":"Como parte da nossa campanha de Diversidade, Equidade e Inclus\u00e3o (DEI) #veriyou lan\u00e7ada no in\u00edcio deste ano, estamos a celebrar o Pride juntos \u2013 #veripride.","og_url":"https:\/\/blogsecuritasdirect.pt\/pride-2022\/","og_site_name":"Blog Securitas Direct","article_published_time":"2022-06-28T08:57:19+00:00","article_modified_time":"2024-01-17T16:31:42+00:00","og_image":[{"width":600,"height":403,"url":"https:\/\/blogsecuritasdirect.pt\/wp-content\/uploads\/2022\/08\/Banner_BLOG_destaque_pride.jpg","type":"image\/jpeg"}],"author":"Securitas Direct","twitter_card":"summary_large_image","twitter_misc":{"Escrito por":"Securitas Direct","Tempo estimado de leitura":"3 minutos"},"schema":{"@context":"https:\/\/schema.org","@graph":[{"@type":"Article","@id":"https:\/\/blogsecuritasdirect.pt\/pride-2022\/#article","isPartOf":{"@id":"https:\/\/blogsecuritasdirect.pt\/pride-2022\/"},"author":{"name":"Securitas Direct","@id":"https:\/\/blogsecuritasdirect.pt\/#\/schema\/person\/830d316f007f624ac3e1f6663e41d7e3"},"headline":"Celebramos o Pride month 2022!","datePublished":"2022-06-28T08:57:19+00:00","dateModified":"2024-01-17T16:31:42+00:00","mainEntityOfPage":{"@id":"https:\/\/blogsecuritasdirect.pt\/pride-2022\/"},"wordCount":820,"image":{"@id":"https:\/\/blogsecuritasdirect.pt\/pride-2022\/#primaryimage"},"thumbnailUrl":"https:\/\/blogsecuritasdirect.pt\/wp-content\/uploads\/2022\/08\/Banner_BLOG_destaque_pride.jpg","articleSection":["Protegemos Pessoas"],"inLanguage":"pt-PT"},{"@type":"WebPage","@id":"https:\/\/blogsecuritasdirect.pt\/pride-2022\/","url":"https:\/\/blogsecuritasdirect.pt\/pride-2022\/","name":"Celebramos o Pride month 2022! - Blog Securitas Direct","isPartOf":{"@id":"https:\/\/blogsecuritasdirect.pt\/#website"},"primaryImageOfPage":{"@id":"https:\/\/blogsecuritasdirect.pt\/pride-2022\/#primaryimage"},"image":{"@id":"https:\/\/blogsecuritasdirect.pt\/pride-2022\/#primaryimage"},"thumbnailUrl":"https:\/\/blogsecuritasdirect.pt\/wp-content\/uploads\/2022\/08\/Banner_BLOG_destaque_pride.jpg","datePublished":"2022-06-28T08:57:19+00:00","dateModified":"2024-01-17T16:31:42+00:00","author":{"@id":"https:\/\/blogsecuritasdirect.pt\/#\/schema\/person\/830d316f007f624ac3e1f6663e41d7e3"},"description":"Como parte da nossa campanha de Diversidade, Equidade e Inclus\u00e3o (DEI) #veriyou lan\u00e7ada no in\u00edcio deste ano, estamos a celebrar o Pride juntos \u2013 #veripride.","breadcrumb":{"@id":"https:\/\/blogsecuritasdirect.pt\/pride-2022\/#breadcrumb"},"inLanguage":"pt-PT","potentialAction":[{"@type":"ReadAction","target":["https:\/\/blogsecuritasdirect.pt\/pride-2022\/"]}]},{"@type":"ImageObject","inLanguage":"pt-PT","@id":"https:\/\/blogsecuritasdirect.pt\/pride-2022\/#primaryimage","url":"https:\/\/blogsecuritasdirect.pt\/wp-content\/uploads\/2022\/08\/Banner_BLOG_destaque_pride.jpg","contentUrl":"https:\/\/blogsecuritasdirect.pt\/wp-content\/uploads\/2022\/08\/Banner_BLOG_destaque_pride.jpg","width":600,"height":403,"caption":"pride securitas direct"},{"@type":"BreadcrumbList","@id":"https:\/\/blogsecuritasdirect.pt\/pride-2022\/#breadcrumb","itemListElement":[{"@type":"ListItem","position":1,"name":"Portada","item":"https:\/\/blogsecuritasdirect.pt\/"},{"@type":"ListItem","position":2,"name":"Celebramos o Pride month 2022!"}]},{"@type":"WebSite","@id":"https:\/\/blogsecuritasdirect.pt\/#website","url":"https:\/\/blogsecuritasdirect.pt\/","name":"Blog Securitas Direct","description":"Proteja o que mais importa com os alarmes da Securitas Direct","potentialAction":[{"@type":"SearchAction","target":{"@type":"EntryPoint","urlTemplate":"https:\/\/blogsecuritasdirect.pt\/?s={search_term_string}"},"query-input":{"@type":"PropertyValueSpecification","valueRequired":true,"valueName":"search_term_string"}}],"inLanguage":"pt-PT"},{"@type":"Person","@id":"https:\/\/blogsecuritasdirect.pt\/#\/schema\/person\/830d316f007f624ac3e1f6663e41d7e3","name":"Securitas Direct"}]}},"_links":{"self":[{"href":"https:\/\/blogsecuritasdirect.pt\/wp-json\/wp\/v2\/posts\/15779","targetHints":{"allow":["GET"]}}],"collection":[{"href":"https:\/\/blogsecuritasdirect.pt\/wp-json\/wp\/v2\/posts"}],"about":[{"href":"https:\/\/blogsecuritasdirect.pt\/wp-json\/wp\/v2\/types\/post"}],"author":[{"embeddable":true,"href":"https:\/\/blogsecuritasdirect.pt\/wp-json\/wp\/v2\/users\/1"}],"replies":[{"embeddable":true,"href":"https:\/\/blogsecuritasdirect.pt\/wp-json\/wp\/v2\/comments?post=15779"}],"version-history":[{"count":10,"href":"https:\/\/blogsecuritasdirect.pt\/wp-json\/wp\/v2\/posts\/15779\/revisions"}],"predecessor-version":[{"id":16930,"href":"https:\/\/blogsecuritasdirect.pt\/wp-json\/wp\/v2\/posts\/15779\/revisions\/16930"}],"wp:featuredmedia":[{"embeddable":true,"href":"https:\/\/blogsecuritasdirect.pt\/wp-json\/wp\/v2\/media\/15927"}],"wp:attachment":[{"href":"https:\/\/blogsecuritasdirect.pt\/wp-json\/wp\/v2\/media?parent=15779"}],"wp:term":[{"taxonomy":"category","embeddable":true,"href":"https:\/\/blogsecuritasdirect.pt\/wp-json\/wp\/v2\/categories?post=15779"},{"taxonomy":"post_tag","embeddable":true,"href":"https:\/\/blogsecuritasdirect.pt\/wp-json\/wp\/v2\/tags?post=15779"}],"curies":[{"name":"wp","href":"https:\/\/api.w.org\/{rel}","templated":true}]}}