{"id":17875,"date":"2025-01-02T11:15:57","date_gmt":"2025-01-02T10:15:57","guid":{"rendered":"https:\/\/blogsecuritasdirect.pt\/?p=17875"},"modified":"2025-01-02T11:15:57","modified_gmt":"2025-01-02T10:15:57","slug":"mes-do-voluntariado-corporativo","status":"publish","type":"post","link":"https:\/\/blogsecuritasdirect.pt\/mes-do-voluntariado-corporativo\/","title":{"rendered":"M\u00eas do Voluntariado Corporativo"},"content":{"rendered":"[vc_row type=&#8221;in_container&#8221; full_screen_row_position=&#8221;middle&#8221; column_margin=&#8221;default&#8221; scene_position=&#8221;center&#8221; text_color=&#8221;dark&#8221; text_align=&#8221;left&#8221; overlay_strength=&#8221;0.3&#8243; shape_divider_position=&#8221;bottom&#8221; bg_image_animation=&#8221;none&#8221;][vc_column column_padding=&#8221;no-extra-padding&#8221; column_padding_position=&#8221;all&#8221; background_color_opacity=&#8221;1&#8243; background_hover_color_opacity=&#8221;1&#8243; column_link_target=&#8221;_self&#8221; column_shadow=&#8221;none&#8221; column_border_radius=&#8221;none&#8221; width=&#8221;1\/1&#8243; tablet_width_inherit=&#8221;default&#8221; tablet_text_alignment=&#8221;default&#8221; phone_text_alignment=&#8221;default&#8221; overlay_strength=&#8221;0.3&#8243; column_border_width=&#8221;none&#8221; column_border_style=&#8221;solid&#8221; bg_image_animation=&#8221;none&#8221;][vc_column_text]Celebr\u00e1mos em novembro o nosso primeiro <strong>M\u00eas do Voluntariado Corporativo<\/strong>, em todos os pa\u00edses do Grupo Verisure.<br \/>\nUma <strong>iniciativa global<\/strong> alinhada com a nossa estrat\u00e9gia de <strong>Responsabilidade Social Corporativa<\/strong>.<br \/>\nNeste m\u00eas, um total de 683 colegas dedicaram 2.389 horas do seu tempo para apoiar as suas comunidades nos nossos pa\u00edses, gerando um impacto positivo para mais de <strong>13.000 pessoas<\/strong> em grupos <strong>vulner\u00e1veis<\/strong>, atrav\u00e9s de 115 atividades locais e parcerias com <strong>36 organiza\u00e7\u00f5es<\/strong> &#8211; um incr\u00edvel arranque o nosso <strong>Programa Global de Voluntariado<\/strong>!<\/p>\n<p>Em Portugal, junt\u00e1mo-nos a <strong>3 associa\u00e7\u00f5es locais<\/strong> para participar de forma ativa nas atividades que desenvolvem <strong>junto dos seus benefici\u00e1rios.<\/strong>[\/vc_column_text][\/vc_column][\/vc_row][vc_row type=&#8221;in_container&#8221; full_screen_row_position=&#8221;middle&#8221; column_margin=&#8221;default&#8221; scene_position=&#8221;center&#8221; text_color=&#8221;dark&#8221; text_align=&#8221;left&#8221; overlay_strength=&#8221;0.3&#8243; shape_divider_position=&#8221;bottom&#8221; bg_image_animation=&#8221;none&#8221;][vc_column column_padding=&#8221;no-extra-padding&#8221; column_padding_position=&#8221;all&#8221; background_color_opacity=&#8221;1&#8243; background_hover_color_opacity=&#8221;1&#8243; column_link_target=&#8221;_self&#8221; column_shadow=&#8221;none&#8221; column_border_radius=&#8221;none&#8221; width=&#8221;2\/3&#8243; tablet_width_inherit=&#8221;default&#8221; tablet_text_alignment=&#8221;default&#8221; phone_text_alignment=&#8221;default&#8221; overlay_strength=&#8221;0.3&#8243; column_border_width=&#8221;none&#8221; column_border_style=&#8221;solid&#8221; bg_image_animation=&#8221;none&#8221;][vc_column_text]Em primeiro lugar, prepar\u00e1mos ceias para serem distribu\u00eddas \u00e0 popula\u00e7\u00e3o em situa\u00e7\u00e3o de sem abrigo na <strong>Comunidade Vida e Paz<\/strong>.<br \/>\nEsta institui\u00e7\u00e3o acolhe pessoas em <strong>condi\u00e7\u00e3o de sem abrigo<\/strong> ou em <strong>situa\u00e7\u00e3o de vulnerabilidade social<\/strong>, ajudando-as a recuperar a sua dignidade e a (re)construir o seu projeto de vida.<br \/>\nPara al\u00e9m desta atividade, a <strong>CVP<\/strong> pediu-nos ainda uma Recolha de Bens essenciais, que fizemos junto dos colaboradores da nossa sede e entreg\u00e1mos neste dia. Foram entregues v\u00e1rios litros de leite, massa, arroz, enlatados e diversos produtos de higiene.[\/vc_column_text][\/vc_column][vc_column column_padding=&#8221;no-extra-padding&#8221; column_padding_position=&#8221;all&#8221; background_color_opacity=&#8221;1&#8243; background_hover_color_opacity=&#8221;1&#8243; column_link_target=&#8221;_self&#8221; column_shadow=&#8221;none&#8221; column_border_radius=&#8221;none&#8221; width=&#8221;1\/3&#8243; tablet_width_inherit=&#8221;default&#8221; tablet_text_alignment=&#8221;default&#8221; phone_text_alignment=&#8221;default&#8221; overlay_strength=&#8221;0.3&#8243; column_border_width=&#8221;none&#8221; column_border_style=&#8221;solid&#8221; bg_image_animation=&#8221;none&#8221;][image_with_animation image_url=&#8221;17878&#8243; alignment=&#8221;&#8221; animation=&#8221;Fade In&#8221; hover_animation=&#8221;none&#8221; border_radius=&#8221;none&#8221; box_shadow=&#8221;none&#8221; image_loading=&#8221;default&#8221; max_width=&#8221;100%&#8221; max_width_mobile=&#8221;default&#8221;][\/vc_column][\/vc_row][vc_row type=&#8221;in_container&#8221; full_screen_row_position=&#8221;middle&#8221; column_margin=&#8221;default&#8221; scene_position=&#8221;center&#8221; text_color=&#8221;dark&#8221; text_align=&#8221;left&#8221; overlay_strength=&#8221;0.3&#8243; shape_divider_position=&#8221;bottom&#8221; bg_image_animation=&#8221;none&#8221;][vc_column column_padding=&#8221;no-extra-padding&#8221; column_padding_position=&#8221;all&#8221; background_color_opacity=&#8221;1&#8243; background_hover_color_opacity=&#8221;1&#8243; column_link_target=&#8221;_self&#8221; column_shadow=&#8221;none&#8221; column_border_radius=&#8221;none&#8221; width=&#8221;1\/1&#8243; tablet_width_inherit=&#8221;default&#8221; tablet_text_alignment=&#8221;default&#8221; phone_text_alignment=&#8221;default&#8221; overlay_strength=&#8221;0.3&#8243; column_border_width=&#8221;none&#8221; column_border_style=&#8221;solid&#8221; bg_image_animation=&#8221;none&#8221;][vc_column_text]Como segunda atividade, fomos \u00e0 <strong>Mais Proximidade<\/strong> com o objetivo de ajudar idosos. A <strong>Associa\u00e7\u00e3o Mais Proximidade<\/strong> acompanha pessoas idosas em situa\u00e7\u00e3o de <strong>isolamento<\/strong> e <strong>solid\u00e3o<\/strong> em <strong>Lisboa<\/strong>.<br \/>\nAtrav\u00e9s de uma rela\u00e7\u00e3o de proximidade garante o acesso a servi\u00e7os essenciais para a melhoria do bem-estar e qualidade de vida da pessoa idosa.<br \/>\nDividimos o grupo em tr\u00eas equipas e cada equipa visitou dois idosos.[\/vc_column_text][vc_column_text]Por fim, a Associa\u00e7\u00e3o escolhida foi a <strong>Pedalar sem Idade<\/strong>, constitu\u00edda por volunt\u00e1rios pilotos de <em>trishaws<\/em>, que se dedicam a apoiar seniores e pessoas com mobilidade reduzida.<br \/>\nO objetivo passa por combater a <strong>solid\u00e3o<\/strong> e o <strong>isolamento<\/strong> desta popula\u00e7\u00e3o, atrav\u00e9s de passeios divertidos e diferentes.<br \/>\nDesta forma, dividimos a nossa equipa por tr\u00eas <em>trishaws<\/em> e, depois de um primeiro momento de forma\u00e7\u00e3o, partimos para a <strong>verdadeira aventura<\/strong>![\/vc_column_text][vc_column_text]O <em>feedback<\/em> que recolhemos foi <strong>extremamente positivo<\/strong>, sendo que todos os colegas se mostraram <strong>felizes<\/strong> e muito <strong>emocionados<\/strong> por poderem fazer parte destes momentos t\u00e3o <strong>gratificantes<\/strong>.[\/vc_column_text][\/vc_column][\/vc_row][vc_row type=&#8221;in_container&#8221; full_screen_row_position=&#8221;middle&#8221; equal_height=&#8221;yes&#8221; content_placement=&#8221;middle&#8221; column_margin=&#8221;default&#8221; bg_color=&#8221;#ff0033&#8243; scene_position=&#8221;center&#8221; text_color=&#8221;light&#8221; text_align=&#8221;left&#8221; top_padding=&#8221;2%&#8221; bottom_padding=&#8221;2%&#8221; overlay_strength=&#8221;0.95&#8243; shape_divider_position=&#8221;bottom&#8221; bg_image_animation=&#8221;none&#8221; shape_type=&#8221;&#8221;][vc_column column_padding=&#8221;padding-4-percent&#8221; column_padding_position=&#8221;left-right&#8221; background_color_opacity=&#8221;1&#8243; background_hover_color_opacity=&#8221;1&#8243; column_link_target=&#8221;_self&#8221; column_shadow=&#8221;none&#8221; column_border_radius=&#8221;none&#8221; width=&#8221;1\/2&#8243; tablet_width_inherit=&#8221;default&#8221; tablet_text_alignment=&#8221;center&#8221; phone_text_alignment=&#8221;center&#8221; overlay_strength=&#8221;0.3&#8243; column_border_width=&#8221;none&#8221; column_border_style=&#8221;solid&#8221; bg_image_animation=&#8221;none&#8221;][vc_custom_heading text=&#8221;Calcule online* o seu alarme<br \/>\nInstala\u00e7\u00e3o Gr\u00e1tis&#8221; font_container=&#8221;tag:h3|font_size:24px|text_align:left|line_height:32px&#8221; use_theme_fonts=&#8221;yes&#8221;][\/vc_column][vc_column column_padding=&#8221;padding-4-percent&#8221; column_padding_position=&#8221;left-right&#8221; background_color_opacity=&#8221;1&#8243; background_hover_color_opacity=&#8221;1&#8243; column_link_target=&#8221;_self&#8221; column_shadow=&#8221;none&#8221; column_border_radius=&#8221;none&#8221; width=&#8221;1\/2&#8243; tablet_width_inherit=&#8221;default&#8221; tablet_text_alignment=&#8221;center&#8221; phone_text_alignment=&#8221;center&#8221; overlay_strength=&#8221;0.3&#8243; column_border_width=&#8221;none&#8221; column_border_style=&#8221;solid&#8221; bg_image_animation=&#8221;none&#8221;][vc_row_inner column_margin=&#8221;default&#8221; text_align=&#8221;right&#8221;][vc_column_inner column_padding=&#8221;no-extra-padding&#8221; column_padding_position=&#8221;all&#8221; background_color_opacity=&#8221;1&#8243; background_hover_color_opacity=&#8221;1&#8243; column_shadow=&#8221;none&#8221; column_border_radius=&#8221;none&#8221; column_link_target=&#8221;_self&#8221; width=&#8221;1\/1&#8243; tablet_width_inherit=&#8221;default&#8221; overlay_strength=&#8221;0.3&#8243; column_border_width=&#8221;none&#8221; column_border_style=&#8221;solid&#8221; bg_image_animation=&#8221;none&#8221;][vc_raw_html]JTVCeHl6LWlocyUyMHNuaXBwZXQlM0QlMjJjYWxjdWxhdG9yLWxpbmslMjIlNUQ=[\/vc_raw_html][\/vc_column_inner][\/vc_row_inner][\/vc_column][\/vc_row][vc_row type=&#8221;in_container&#8221; full_screen_row_position=&#8221;middle&#8221; column_margin=&#8221;default&#8221; scene_position=&#8221;center&#8221; text_color=&#8221;dark&#8221; text_align=&#8221;left&#8221; overlay_strength=&#8221;0.3&#8243; shape_divider_position=&#8221;bottom&#8221; bg_image_animation=&#8221;none&#8221;][vc_column column_padding=&#8221;no-extra-padding&#8221; column_padding_position=&#8221;all&#8221; background_color_opacity=&#8221;1&#8243; background_hover_color_opacity=&#8221;1&#8243; column_link_target=&#8221;_self&#8221; column_shadow=&#8221;none&#8221; column_border_radius=&#8221;none&#8221; width=&#8221;1\/1&#8243; tablet_width_inherit=&#8221;default&#8221; tablet_text_alignment=&#8221;default&#8221; phone_text_alignment=&#8221;default&#8221; overlay_strength=&#8221;0.3&#8243; column_border_width=&#8221;none&#8221; column_border_style=&#8221;solid&#8221; bg_image_animation=&#8221;none&#8221;][image_with_animation image_url=&#8221;17879&#8243; alignment=&#8221;&#8221; animation=&#8221;Fade In&#8221; hover_animation=&#8221;none&#8221; border_radius=&#8221;none&#8221; box_shadow=&#8221;none&#8221; image_loading=&#8221;default&#8221; max_width=&#8221;100%&#8221; max_width_mobile=&#8221;default&#8221;][\/vc_column][\/vc_row]\n","protected":false},"excerpt":{"rendered":"<p>[vc_row type=&#8221;in_container&#8221; full_screen_row_position=&#8221;middle&#8221; column_margin=&#8221;default&#8221; scene_position=&#8221;center&#8221; text_color=&#8221;dark&#8221; text_align=&#8221;left&#8221; overlay_strength=&#8221;0.3&#8243; shape_divider_position=&#8221;bottom&#8221; bg_image_animation=&#8221;none&#8221;][vc_column&#8230;<\/p>\n","protected":false},"author":1,"featured_media":17880,"comment_status":"closed","ping_status":"closed","sticky":false,"template":"","format":"standard","meta":{"footnotes":""},"categories":[11],"tags":[],"class_list":{"0":"post-17875","1":"post","2":"type-post","3":"status-publish","4":"format-standard","5":"has-post-thumbnail","7":"category-protegemos-pessoas"},"yoast_head":"<!-- This site is optimized with the Yoast SEO plugin v26.8 - https:\/\/yoast.com\/product\/yoast-seo-wordpress\/ -->\n<title>M\u00eas do Voluntariado Corporativo - Blog Securitas Direct<\/title>\n<meta name=\"description\" content=\"Celebr\u00e1mos em novembro o nosso primeiro M\u00eas do Voluntariado Corporativo. Conhe\u00e7a as tr\u00eas associa\u00e7\u00f5es que acompanhamos durante este m\u00eas!\" \/>\n<meta name=\"robots\" content=\"index, follow, max-snippet:-1, max-image-preview:large, max-video-preview:-1\" \/>\n<link rel=\"canonical\" href=\"https:\/\/blogsecuritasdirect.pt\/mes-do-voluntariado-corporativo\/\" \/>\n<meta property=\"og:locale\" content=\"pt_PT\" \/>\n<meta property=\"og:type\" content=\"article\" \/>\n<meta property=\"og:title\" content=\"M\u00eas do Voluntariado Corporativo - Blog Securitas Direct\" \/>\n<meta property=\"og:description\" content=\"Celebr\u00e1mos em novembro o nosso primeiro M\u00eas do Voluntariado Corporativo. Conhe\u00e7a as tr\u00eas associa\u00e7\u00f5es que acompanhamos durante este m\u00eas!\" \/>\n<meta property=\"og:url\" content=\"https:\/\/blogsecuritasdirect.pt\/mes-do-voluntariado-corporativo\/\" \/>\n<meta property=\"og:site_name\" content=\"Blog Securitas Direct\" \/>\n<meta property=\"article:published_time\" content=\"2025-01-02T10:15:57+00:00\" \/>\n<meta property=\"og:image\" content=\"https:\/\/blogsecuritasdirect.pt\/wp-content\/uploads\/2024\/12\/Thumbnail-Volunteer-Programme.png\" \/>\n\t<meta property=\"og:image:width\" content=\"1443\" \/>\n\t<meta property=\"og:image:height\" content=\"1080\" \/>\n\t<meta property=\"og:image:type\" content=\"image\/png\" \/>\n<meta name=\"author\" content=\"Securitas Direct\" \/>\n<meta name=\"twitter:card\" content=\"summary_large_image\" \/>\n<meta name=\"twitter:label1\" content=\"Escrito por\" \/>\n\t<meta name=\"twitter:data1\" content=\"Securitas Direct\" \/>\n\t<meta name=\"twitter:label2\" content=\"Tempo estimado de leitura\" \/>\n\t<meta name=\"twitter:data2\" content=\"4 minutos\" \/>\n<script type=\"application\/ld+json\" class=\"yoast-schema-graph\">{\"@context\":\"https:\/\/schema.org\",\"@graph\":[{\"@type\":\"Article\",\"@id\":\"https:\/\/blogsecuritasdirect.pt\/mes-do-voluntariado-corporativo\/#article\",\"isPartOf\":{\"@id\":\"https:\/\/blogsecuritasdirect.pt\/mes-do-voluntariado-corporativo\/\"},\"author\":{\"name\":\"Securitas Direct\",\"@id\":\"https:\/\/blogsecuritasdirect.pt\/#\/schema\/person\/830d316f007f624ac3e1f6663e41d7e3\"},\"headline\":\"M\u00eas do Voluntariado Corporativo\",\"datePublished\":\"2025-01-02T10:15:57+00:00\",\"mainEntityOfPage\":{\"@id\":\"https:\/\/blogsecuritasdirect.pt\/mes-do-voluntariado-corporativo\/\"},\"wordCount\":1149,\"image\":{\"@id\":\"https:\/\/blogsecuritasdirect.pt\/mes-do-voluntariado-corporativo\/#primaryimage\"},\"thumbnailUrl\":\"https:\/\/blogsecuritasdirect.pt\/wp-content\/uploads\/2024\/12\/Thumbnail-Volunteer-Programme.png\",\"articleSection\":[\"Protegemos Pessoas\"],\"inLanguage\":\"pt-PT\"},{\"@type\":\"WebPage\",\"@id\":\"https:\/\/blogsecuritasdirect.pt\/mes-do-voluntariado-corporativo\/\",\"url\":\"https:\/\/blogsecuritasdirect.pt\/mes-do-voluntariado-corporativo\/\",\"name\":\"M\u00eas do Voluntariado Corporativo - Blog Securitas Direct\",\"isPartOf\":{\"@id\":\"https:\/\/blogsecuritasdirect.pt\/#website\"},\"primaryImageOfPage\":{\"@id\":\"https:\/\/blogsecuritasdirect.pt\/mes-do-voluntariado-corporativo\/#primaryimage\"},\"image\":{\"@id\":\"https:\/\/blogsecuritasdirect.pt\/mes-do-voluntariado-corporativo\/#primaryimage\"},\"thumbnailUrl\":\"https:\/\/blogsecuritasdirect.pt\/wp-content\/uploads\/2024\/12\/Thumbnail-Volunteer-Programme.png\",\"datePublished\":\"2025-01-02T10:15:57+00:00\",\"author\":{\"@id\":\"https:\/\/blogsecuritasdirect.pt\/#\/schema\/person\/830d316f007f624ac3e1f6663e41d7e3\"},\"description\":\"Celebr\u00e1mos em novembro o nosso primeiro M\u00eas do Voluntariado Corporativo. Conhe\u00e7a as tr\u00eas associa\u00e7\u00f5es que acompanhamos durante este m\u00eas!\",\"breadcrumb\":{\"@id\":\"https:\/\/blogsecuritasdirect.pt\/mes-do-voluntariado-corporativo\/#breadcrumb\"},\"inLanguage\":\"pt-PT\",\"potentialAction\":[{\"@type\":\"ReadAction\",\"target\":[\"https:\/\/blogsecuritasdirect.pt\/mes-do-voluntariado-corporativo\/\"]}]},{\"@type\":\"ImageObject\",\"inLanguage\":\"pt-PT\",\"@id\":\"https:\/\/blogsecuritasdirect.pt\/mes-do-voluntariado-corporativo\/#primaryimage\",\"url\":\"https:\/\/blogsecuritasdirect.pt\/wp-content\/uploads\/2024\/12\/Thumbnail-Volunteer-Programme.png\",\"contentUrl\":\"https:\/\/blogsecuritasdirect.pt\/wp-content\/uploads\/2024\/12\/Thumbnail-Volunteer-Programme.png\",\"width\":1443,\"height\":1080},{\"@type\":\"BreadcrumbList\",\"@id\":\"https:\/\/blogsecuritasdirect.pt\/mes-do-voluntariado-corporativo\/#breadcrumb\",\"itemListElement\":[{\"@type\":\"ListItem\",\"position\":1,\"name\":\"Portada\",\"item\":\"https:\/\/blogsecuritasdirect.pt\/\"},{\"@type\":\"ListItem\",\"position\":2,\"name\":\"M\u00eas do Voluntariado Corporativo\"}]},{\"@type\":\"WebSite\",\"@id\":\"https:\/\/blogsecuritasdirect.pt\/#website\",\"url\":\"https:\/\/blogsecuritasdirect.pt\/\",\"name\":\"Blog Securitas Direct\",\"description\":\"Proteja o que mais importa com os alarmes da Securitas Direct\",\"potentialAction\":[{\"@type\":\"SearchAction\",\"target\":{\"@type\":\"EntryPoint\",\"urlTemplate\":\"https:\/\/blogsecuritasdirect.pt\/?s={search_term_string}\"},\"query-input\":{\"@type\":\"PropertyValueSpecification\",\"valueRequired\":true,\"valueName\":\"search_term_string\"}}],\"inLanguage\":\"pt-PT\"},{\"@type\":\"Person\",\"@id\":\"https:\/\/blogsecuritasdirect.pt\/#\/schema\/person\/830d316f007f624ac3e1f6663e41d7e3\",\"name\":\"Securitas Direct\"}]}<\/script>\n<!-- \/ Yoast SEO plugin. -->","yoast_head_json":{"title":"M\u00eas do Voluntariado Corporativo - Blog Securitas Direct","description":"Celebr\u00e1mos em novembro o nosso primeiro M\u00eas do Voluntariado Corporativo. Conhe\u00e7a as tr\u00eas associa\u00e7\u00f5es que acompanhamos durante este m\u00eas!","robots":{"index":"index","follow":"follow","max-snippet":"max-snippet:-1","max-image-preview":"max-image-preview:large","max-video-preview":"max-video-preview:-1"},"canonical":"https:\/\/blogsecuritasdirect.pt\/mes-do-voluntariado-corporativo\/","og_locale":"pt_PT","og_type":"article","og_title":"M\u00eas do Voluntariado Corporativo - Blog Securitas Direct","og_description":"Celebr\u00e1mos em novembro o nosso primeiro M\u00eas do Voluntariado Corporativo. Conhe\u00e7a as tr\u00eas associa\u00e7\u00f5es que acompanhamos durante este m\u00eas!","og_url":"https:\/\/blogsecuritasdirect.pt\/mes-do-voluntariado-corporativo\/","og_site_name":"Blog Securitas Direct","article_published_time":"2025-01-02T10:15:57+00:00","og_image":[{"width":1443,"height":1080,"url":"https:\/\/blogsecuritasdirect.pt\/wp-content\/uploads\/2024\/12\/Thumbnail-Volunteer-Programme.png","type":"image\/png"}],"author":"Securitas Direct","twitter_card":"summary_large_image","twitter_misc":{"Escrito por":"Securitas Direct","Tempo estimado de leitura":"4 minutos"},"schema":{"@context":"https:\/\/schema.org","@graph":[{"@type":"Article","@id":"https:\/\/blogsecuritasdirect.pt\/mes-do-voluntariado-corporativo\/#article","isPartOf":{"@id":"https:\/\/blogsecuritasdirect.pt\/mes-do-voluntariado-corporativo\/"},"author":{"name":"Securitas Direct","@id":"https:\/\/blogsecuritasdirect.pt\/#\/schema\/person\/830d316f007f624ac3e1f6663e41d7e3"},"headline":"M\u00eas do Voluntariado Corporativo","datePublished":"2025-01-02T10:15:57+00:00","mainEntityOfPage":{"@id":"https:\/\/blogsecuritasdirect.pt\/mes-do-voluntariado-corporativo\/"},"wordCount":1149,"image":{"@id":"https:\/\/blogsecuritasdirect.pt\/mes-do-voluntariado-corporativo\/#primaryimage"},"thumbnailUrl":"https:\/\/blogsecuritasdirect.pt\/wp-content\/uploads\/2024\/12\/Thumbnail-Volunteer-Programme.png","articleSection":["Protegemos Pessoas"],"inLanguage":"pt-PT"},{"@type":"WebPage","@id":"https:\/\/blogsecuritasdirect.pt\/mes-do-voluntariado-corporativo\/","url":"https:\/\/blogsecuritasdirect.pt\/mes-do-voluntariado-corporativo\/","name":"M\u00eas do Voluntariado Corporativo - Blog Securitas Direct","isPartOf":{"@id":"https:\/\/blogsecuritasdirect.pt\/#website"},"primaryImageOfPage":{"@id":"https:\/\/blogsecuritasdirect.pt\/mes-do-voluntariado-corporativo\/#primaryimage"},"image":{"@id":"https:\/\/blogsecuritasdirect.pt\/mes-do-voluntariado-corporativo\/#primaryimage"},"thumbnailUrl":"https:\/\/blogsecuritasdirect.pt\/wp-content\/uploads\/2024\/12\/Thumbnail-Volunteer-Programme.png","datePublished":"2025-01-02T10:15:57+00:00","author":{"@id":"https:\/\/blogsecuritasdirect.pt\/#\/schema\/person\/830d316f007f624ac3e1f6663e41d7e3"},"description":"Celebr\u00e1mos em novembro o nosso primeiro M\u00eas do Voluntariado Corporativo. Conhe\u00e7a as tr\u00eas associa\u00e7\u00f5es que acompanhamos durante este m\u00eas!","breadcrumb":{"@id":"https:\/\/blogsecuritasdirect.pt\/mes-do-voluntariado-corporativo\/#breadcrumb"},"inLanguage":"pt-PT","potentialAction":[{"@type":"ReadAction","target":["https:\/\/blogsecuritasdirect.pt\/mes-do-voluntariado-corporativo\/"]}]},{"@type":"ImageObject","inLanguage":"pt-PT","@id":"https:\/\/blogsecuritasdirect.pt\/mes-do-voluntariado-corporativo\/#primaryimage","url":"https:\/\/blogsecuritasdirect.pt\/wp-content\/uploads\/2024\/12\/Thumbnail-Volunteer-Programme.png","contentUrl":"https:\/\/blogsecuritasdirect.pt\/wp-content\/uploads\/2024\/12\/Thumbnail-Volunteer-Programme.png","width":1443,"height":1080},{"@type":"BreadcrumbList","@id":"https:\/\/blogsecuritasdirect.pt\/mes-do-voluntariado-corporativo\/#breadcrumb","itemListElement":[{"@type":"ListItem","position":1,"name":"Portada","item":"https:\/\/blogsecuritasdirect.pt\/"},{"@type":"ListItem","position":2,"name":"M\u00eas do Voluntariado Corporativo"}]},{"@type":"WebSite","@id":"https:\/\/blogsecuritasdirect.pt\/#website","url":"https:\/\/blogsecuritasdirect.pt\/","name":"Blog Securitas Direct","description":"Proteja o que mais importa com os alarmes da Securitas Direct","potentialAction":[{"@type":"SearchAction","target":{"@type":"EntryPoint","urlTemplate":"https:\/\/blogsecuritasdirect.pt\/?s={search_term_string}"},"query-input":{"@type":"PropertyValueSpecification","valueRequired":true,"valueName":"search_term_string"}}],"inLanguage":"pt-PT"},{"@type":"Person","@id":"https:\/\/blogsecuritasdirect.pt\/#\/schema\/person\/830d316f007f624ac3e1f6663e41d7e3","name":"Securitas Direct"}]}},"_links":{"self":[{"href":"https:\/\/blogsecuritasdirect.pt\/wp-json\/wp\/v2\/posts\/17875","targetHints":{"allow":["GET"]}}],"collection":[{"href":"https:\/\/blogsecuritasdirect.pt\/wp-json\/wp\/v2\/posts"}],"about":[{"href":"https:\/\/blogsecuritasdirect.pt\/wp-json\/wp\/v2\/types\/post"}],"author":[{"embeddable":true,"href":"https:\/\/blogsecuritasdirect.pt\/wp-json\/wp\/v2\/users\/1"}],"replies":[{"embeddable":true,"href":"https:\/\/blogsecuritasdirect.pt\/wp-json\/wp\/v2\/comments?post=17875"}],"version-history":[{"count":9,"href":"https:\/\/blogsecuritasdirect.pt\/wp-json\/wp\/v2\/posts\/17875\/revisions"}],"predecessor-version":[{"id":17884,"href":"https:\/\/blogsecuritasdirect.pt\/wp-json\/wp\/v2\/posts\/17875\/revisions\/17884"}],"wp:featuredmedia":[{"embeddable":true,"href":"https:\/\/blogsecuritasdirect.pt\/wp-json\/wp\/v2\/media\/17880"}],"wp:attachment":[{"href":"https:\/\/blogsecuritasdirect.pt\/wp-json\/wp\/v2\/media?parent=17875"}],"wp:term":[{"taxonomy":"category","embeddable":true,"href":"https:\/\/blogsecuritasdirect.pt\/wp-json\/wp\/v2\/categories?post=17875"},{"taxonomy":"post_tag","embeddable":true,"href":"https:\/\/blogsecuritasdirect.pt\/wp-json\/wp\/v2\/tags?post=17875"}],"curies":[{"name":"wp","href":"https:\/\/api.w.org\/{rel}","templated":true}]}}